{"id":110,"date":"2023-04-12T12:51:00","date_gmt":"2023-04-12T10:51:00","guid":{"rendered":"https:\/\/www.anviclimabarcelona.com\/blog\/?p=110"},"modified":"2023-06-28T13:03:04","modified_gmt":"2023-06-28T11:03:04","slug":"sostenibilidad-en-las-reformasico","status":"publish","type":"post","link":"https:\/\/www.anviclimabarcelona.com\/blog\/sostenibilidad-en-las-reformasico","title":{"rendered":"Sostenibilidad en las Reformas"},"content":{"rendered":"\n<figure class=\"wp-block-image size-full\"><img loading=\"lazy\" decoding=\"async\" width=\"900\" height=\"575\" src=\"https:\/\/www.anviclimabarcelona.com\/blog\/wp-content\/uploads\/2023\/06\/ladrillos-conicet.jpeg\" alt=\"Sostenibilidad en las Reformas\" class=\"wp-image-111\" srcset=\"https:\/\/www.anviclimabarcelona.com\/blog\/wp-content\/uploads\/2023\/06\/ladrillos-conicet.jpeg 900w, https:\/\/www.anviclimabarcelona.com\/blog\/wp-content\/uploads\/2023\/06\/ladrillos-conicet-300x192.jpeg 300w, https:\/\/www.anviclimabarcelona.com\/blog\/wp-content\/uploads\/2023\/06\/ladrillos-conicet-768x491.jpeg 768w\" sizes=\"auto, (max-width: 900px) 100vw, 900px\" \/><\/figure>\n\n\n\n<p>En un mundo cada vez m\u00e1s consciente de la importancia de cuidar el medio ambiente, la Sostenibilidad en las Reformas se ha convertido en un aspecto fundamental en todos los \u00e1mbitos de nuestra vida, incluyendo las reformas. En Anviclima <a href=\"https:\/\/www.anviclimabarcelona.com\/reformas-integrales-barcelona\">estamos comprometidos con el medioambiente<\/a>, es por ello que estamos al d\u00eda de las \u00faltimas innovaciones.<\/p>\n\n\n\n<h2 class=\"wp-block-heading\">Sostenibilidad en las Reformas: Construyendo un Futuro Respetuoso con el Medio Ambiente<\/h2>\n\n\n\n<p>Vamos a descubrir la importancia de la sostenibilidad en las reformas, as\u00ed como las diferentes opciones disponibles para hacer que nuestros proyectos sean m\u00e1s respetuosos con el medio ambiente. Desde la elecci\u00f3n de materiales ecol\u00f3gicos hasta la implementaci\u00f3n de t\u00e9cnicas de construcci\u00f3n sostenibles, descubriremos c\u00f3mo construir un futuro m\u00e1s verde a trav\u00e9s de nuestras reformas.<\/p>\n\n\n\n<h3 class=\"wp-block-heading\">Sostenibilidad en las Reformas: construyendo de Forma Responsable<\/h3>\n\n\n\n<p>La elecci\u00f3n de materiales ecol\u00f3gicos es esencial para reducir el impacto ambiental de las reformas. Aqu\u00ed hay algunas opciones a considerar:<\/p>\n\n\n\n<ul class=\"wp-block-list\">\n<li>Materiales reciclados: Utilizar materiales reciclados, como el vidrio reciclado, los ladrillos reciclados o la madera reciclada, reduce la extracci\u00f3n de recursos naturales y ayuda a reducir los desechos.<\/li>\n\n\n\n<li>Materiales de origen sostenible: Optar por materiales provenientes de fuentes sostenibles, como la madera certificada por los organismos competentes, garantiza que la madera se obtenga de manera responsable.<\/li>\n\n\n\n<li>Aislamiento ecol\u00f3gico: Utilizar materiales de aislamiento ecol\u00f3gicos, como la lana de oveja, el corcho o las fibras de celulosa, ayuda a reducir el consumo energ\u00e9tico al mejorar la eficiencia t\u00e9rmica de los espacios.<\/li>\n\n\n\n<li><\/li>\n<\/ul>\n\n\n\n<h3 class=\"wp-block-heading\">Sostenibilidad en las Reformas: construyendo con Eficiencia<\/h3>\n\n\n\n<p>Las t\u00e9cnicas de construcci\u00f3n sostenibles permiten maximizar la eficiencia energ\u00e9tica y reducir el impacto ambiental. Aqu\u00ed hay algunas pr\u00e1cticas a considerar:<\/p>\n\n\n\n<ul class=\"wp-block-list\">\n<li>Eficiencia energ\u00e9tica: Incorporar medidas de eficiencia energ\u00e9tica, como el uso de ventanas de doble acristalamiento, el aislamiento t\u00e9rmico y la instalaci\u00f3n de sistemas de iluminaci\u00f3n LED, ayuda a reducir el consumo de energ\u00eda en los espacios reformados.<\/li>\n\n\n\n<li>Energ\u00edas renovables: Considerar la instalaci\u00f3n de paneles solares fotovoltaicos o sistemas de energ\u00eda e\u00f3lica permite generar energ\u00eda limpia y reducir la dependencia de combustibles f\u00f3siles.<\/li>\n\n\n\n<li>Gesti\u00f3n del agua: Implementar sistemas de captaci\u00f3n de agua de lluvia y utilizar tecnolog\u00edas de bajo consumo de agua, como grifos y duchas de bajo flujo, contribuye al uso eficiente del agua y a la reducci\u00f3n del desperdicio.<\/li>\n<\/ul>\n\n\n\n<h3 class=\"wp-block-heading\">Minimizaci\u00f3n de Residuos y Reciclaje<\/h3>\n\n\n\n<p>Durante las reformas, es importante minimizar los residuos generados y fomentar el reciclaje. Aqu\u00ed hay algunas acciones a tomar:<\/p>\n\n\n\n<ul class=\"wp-block-list\">\n<li>Planificaci\u00f3n adecuada: Planificar las reformas con anticipaci\u00f3n y realizar un inventario de los materiales existentes para reducir la cantidad de desperdicio generado.<\/li>\n\n\n\n<li>Reutilizaci\u00f3n: Considerar la reutilizaci\u00f3n de elementos estructurales, muebles o accesorios en lugar de desecharlos, siempre que sea posible.<\/li>\n\n\n\n<li>Reciclaje adecuado: Separar y reciclar correctamente los residuos generados durante la reforma, como el cart\u00f3n, el pl\u00e1stico y los escombros de construcci\u00f3n.<\/li>\n<\/ul>\n\n\n\n<p><\/p>\n\n\n\n<p>La sostenibilidad en las reformas no solo nos permite contribuir al cuidado del medio ambiente, sino que tambi\u00e9n puede generar ahorros a largo plazo en t\u00e9rminos de energ\u00eda y recursos.\u00a0<\/p>\n\n\n\n<p>Al elegir materiales ecol\u00f3gicos, implementar t\u00e9cnicas de construcci\u00f3n sostenibles y promover la minimizaci\u00f3n de residuos, podemos construir un futuro m\u00e1s respetuoso con el medio ambiente. Recordemos que nuestras acciones individuales en las reformas pueden marcar la diferencia y contribuir a la construcci\u00f3n de un mundo m\u00e1s sostenible para las generaciones futuras.<\/p>\n\n\n\n<p>Si quieres m\u00e1s informaci\u00f3n y necesitas un presupuesto, <a href=\"https:\/\/www.anviclimabarcelona.com\/\">contacta con los profesionales de Anviclima<\/a>.<\/p>\n","protected":false},"excerpt":{"rendered":"<p>En un mundo cada vez m\u00e1s consciente de la importancia de cuidar el medio ambiente, la Sostenibilidad en las Reformas se ha convertido en un aspecto fundamental en todos los \u00e1mbitos de nuestra vida, incluyendo las reformas.<\/p>\n","protected":false},"author":2,"featured_media":111,"comment_status":"open","ping_status":"open","sticky":false,"template":"","format":"standard","meta":{"footnotes":""},"categories":[1],"tags":[12,14,37],"class_list":["post-110","post","type-post","status-publish","format-standard","has-post-thumbnail","hentry","category-sin-categoria","tag-reformas","tag-reformas-integrales","tag-sostenibilidad"],"yoast_head":"<!-- This site is optimized with the Yoast SEO plugin v16.6.1 - https:\/\/yoast.com\/wordpress\/plugins\/seo\/ -->\n<title>Sostenibilidad en las Reformas - Blog de climatizaci\u00f3n | AnviClima Blog<\/title>\n<meta name=\"description\" content=\"La Sostenibilidad en las Reformas se ha convertido en un aspecto fundamental en todos los \u00e1mbitos de nuestra vida, incluyendo las reformas.\" \/>\n<meta name=\"robots\" content=\"index, follow, max-snippet:-1, max-image-preview:large, max-video-preview:-1\" \/>\n<link rel=\"canonical\" href=\"https:\/\/www.anviclimabarcelona.com\/blog\/sostenibilidad-en-las-reformasico\" \/>\n<meta name=\"twitter:label1\" content=\"Tiempo de lectura\" \/>\n\t<meta name=\"twitter:data1\" content=\"3 minutos\" \/>\n<script type=\"application\/ld+json\" class=\"yoast-schema-graph\">{\"@context\":\"https:\/\/schema.org\",\"@graph\":[{\"@type\":\"Organization\",\"@id\":\"https:\/\/www.anviclimabarcelona.com\/blog\/#organization\",\"name\":\"AnviClima Barcelona\",\"url\":\"https:\/\/www.anviclimabarcelona.com\/blog\/\",\"sameAs\":[\"https:\/\/www.facebook.com\/anviclima\",\"https:\/\/www.instagram.com\/anviclima\/\",\"https:\/\/www.linkedin.com\/company\/anviclima-sl\/\"],\"logo\":{\"@type\":\"ImageObject\",\"@id\":\"https:\/\/www.anviclimabarcelona.com\/blog\/#logo\",\"inLanguage\":\"es\",\"url\":\"https:\/\/www.anviclimabarcelona.com\/blog\/wp-content\/uploads\/2021\/06\/logo.png\",\"contentUrl\":\"https:\/\/www.anviclimabarcelona.com\/blog\/wp-content\/uploads\/2021\/06\/logo.png\",\"width\":300,\"height\":60,\"caption\":\"AnviClima Barcelona\"},\"image\":{\"@id\":\"https:\/\/www.anviclimabarcelona.com\/blog\/#logo\"}},{\"@type\":\"WebSite\",\"@id\":\"https:\/\/www.anviclimabarcelona.com\/blog\/#website\",\"url\":\"https:\/\/www.anviclimabarcelona.com\/blog\/\",\"name\":\"Blog de climatizaci\\u00f3n | AnviClima Blog\",\"description\":\"Descubre nuestro blog sobre innovaciones y tendencias en instalaciones, mantenimiento, reformas integrales y climatizaci\\u00f3n\",\"publisher\":{\"@id\":\"https:\/\/www.anviclimabarcelona.com\/blog\/#organization\"},\"potentialAction\":[{\"@type\":\"SearchAction\",\"target\":{\"@type\":\"EntryPoint\",\"urlTemplate\":\"https:\/\/www.anviclimabarcelona.com\/blog\/?s={search_term_string}\"},\"query-input\":\"required name=search_term_string\"}],\"inLanguage\":\"es\"},{\"@type\":\"ImageObject\",\"@id\":\"https:\/\/www.anviclimabarcelona.com\/blog\/sostenibilidad-en-las-reformasico#primaryimage\",\"inLanguage\":\"es\",\"url\":\"https:\/\/www.anviclimabarcelona.com\/blog\/wp-content\/uploads\/2023\/06\/ladrillos-conicet.jpeg\",\"contentUrl\":\"https:\/\/www.anviclimabarcelona.com\/blog\/wp-content\/uploads\/2023\/06\/ladrillos-conicet.jpeg\",\"width\":900,\"height\":575},{\"@type\":\"WebPage\",\"@id\":\"https:\/\/www.anviclimabarcelona.com\/blog\/sostenibilidad-en-las-reformasico#webpage\",\"url\":\"https:\/\/www.anviclimabarcelona.com\/blog\/sostenibilidad-en-las-reformasico\",\"name\":\"Sostenibilidad en las Reformas - Blog de climatizaci\\u00f3n | AnviClima Blog\",\"isPartOf\":{\"@id\":\"https:\/\/www.anviclimabarcelona.com\/blog\/#website\"},\"primaryImageOfPage\":{\"@id\":\"https:\/\/www.anviclimabarcelona.com\/blog\/sostenibilidad-en-las-reformasico#primaryimage\"},\"datePublished\":\"2023-04-12T10:51:00+00:00\",\"dateModified\":\"2023-06-28T11:03:04+00:00\",\"description\":\"La Sostenibilidad en las Reformas se ha convertido en un aspecto fundamental en todos los \\u00e1mbitos de nuestra vida, incluyendo las reformas.\",\"breadcrumb\":{\"@id\":\"https:\/\/www.anviclimabarcelona.com\/blog\/sostenibilidad-en-las-reformasico#breadcrumb\"},\"inLanguage\":\"es\",\"potentialAction\":[{\"@type\":\"ReadAction\",\"target\":[\"https:\/\/www.anviclimabarcelona.com\/blog\/sostenibilidad-en-las-reformasico\"]}]},{\"@type\":\"BreadcrumbList\",\"@id\":\"https:\/\/www.anviclimabarcelona.com\/blog\/sostenibilidad-en-las-reformasico#breadcrumb\",\"itemListElement\":[{\"@type\":\"ListItem\",\"position\":1,\"name\":\"Portada\",\"item\":\"https:\/\/www.anviclimabarcelona.com\/blog\"},{\"@type\":\"ListItem\",\"position\":2,\"name\":\"Sostenibilidad en las Reformas\"}]},{\"@type\":\"Article\",\"@id\":\"https:\/\/www.anviclimabarcelona.com\/blog\/sostenibilidad-en-las-reformasico#article\",\"isPartOf\":{\"@id\":\"https:\/\/www.anviclimabarcelona.com\/blog\/sostenibilidad-en-las-reformasico#webpage\"},\"author\":{\"@id\":\"https:\/\/www.anviclimabarcelona.com\/blog\/#\/schema\/person\/1b8264fe720bd0baa5d44699785610ec\"},\"headline\":\"Sostenibilidad en las Reformas\",\"datePublished\":\"2023-04-12T10:51:00+00:00\",\"dateModified\":\"2023-06-28T11:03:04+00:00\",\"mainEntityOfPage\":{\"@id\":\"https:\/\/www.anviclimabarcelona.com\/blog\/sostenibilidad-en-las-reformasico#webpage\"},\"wordCount\":611,\"commentCount\":0,\"publisher\":{\"@id\":\"https:\/\/www.anviclimabarcelona.com\/blog\/#organization\"},\"image\":{\"@id\":\"https:\/\/www.anviclimabarcelona.com\/blog\/sostenibilidad-en-las-reformasico#primaryimage\"},\"thumbnailUrl\":\"https:\/\/www.anviclimabarcelona.com\/blog\/wp-content\/uploads\/2023\/06\/ladrillos-conicet.jpeg\",\"keywords\":[\"reformas\",\"reformas integrales\",\"sostenibilidad\"],\"inLanguage\":\"es\"},{\"@type\":\"Person\",\"@id\":\"https:\/\/www.anviclimabarcelona.com\/blog\/#\/schema\/person\/1b8264fe720bd0baa5d44699785610ec\",\"name\":\"Veronica Haro\"}]}<\/script>\n<!-- \/ Yoast SEO plugin. -->","_links":{"self":[{"href":"https:\/\/www.anviclimabarcelona.com\/blog\/wp-json\/wp\/v2\/posts\/110","targetHints":{"allow":["GET"]}}],"collection":[{"href":"https:\/\/www.anviclimabarcelona.com\/blog\/wp-json\/wp\/v2\/posts"}],"about":[{"href":"https:\/\/www.anviclimabarcelona.com\/blog\/wp-json\/wp\/v2\/types\/post"}],"author":[{"embeddable":true,"href":"https:\/\/www.anviclimabarcelona.com\/blog\/wp-json\/wp\/v2\/users\/2"}],"replies":[{"embeddable":true,"href":"https:\/\/www.anviclimabarcelona.com\/blog\/wp-json\/wp\/v2\/comments?post=110"}],"version-history":[{"count":1,"href":"https:\/\/www.anviclimabarcelona.com\/blog\/wp-json\/wp\/v2\/posts\/110\/revisions"}],"predecessor-version":[{"id":112,"href":"https:\/\/www.anviclimabarcelona.com\/blog\/wp-json\/wp\/v2\/posts\/110\/revisions\/112"}],"wp:featuredmedia":[{"embeddable":true,"href":"https:\/\/www.anviclimabarcelona.com\/blog\/wp-json\/wp\/v2\/media\/111"}],"wp:attachment":[{"href":"https:\/\/www.anviclimabarcelona.com\/blog\/wp-json\/wp\/v2\/media?parent=110"}],"wp:term":[{"taxonomy":"category","embeddable":true,"href":"https:\/\/www.anviclimabarcelona.com\/blog\/wp-json\/wp\/v2\/categories?post=110"},{"taxonomy":"post_tag","embeddable":true,"href":"https:\/\/www.anviclimabarcelona.com\/blog\/wp-json\/wp\/v2\/tags?post=110"}],"curies":[{"name":"wp","href":"https:\/\/api.w.org\/{rel}","templated":true}]}}