{"id":46,"date":"2022-01-20T16:58:43","date_gmt":"2022-01-20T15:58:43","guid":{"rendered":"https:\/\/www.anviclimabarcelona.com\/blog\/?p=46"},"modified":"2022-01-20T16:58:43","modified_gmt":"2022-01-20T15:58:43","slug":"como-ahorrar-en-la-factura-de-la-calefaccion","status":"publish","type":"post","link":"https:\/\/www.anviclimabarcelona.com\/blog\/como-ahorrar-en-la-factura-de-la-calefaccion","title":{"rendered":"C\u00f3mo ahorrar en la factura de la calefacci\u00f3n"},"content":{"rendered":"\n<figure class=\"wp-block-image size-full\"><img loading=\"lazy\" decoding=\"async\" width=\"769\" height=\"570\" src=\"https:\/\/www.anviclimabarcelona.com\/blog\/wp-content\/uploads\/2022\/01\/adorable-affection-baby-1257110-1-769x570-1.jpeg\" alt=\"Ahorrar en la factura de la calefacci\u00f3n\" class=\"wp-image-47\" srcset=\"https:\/\/www.anviclimabarcelona.com\/blog\/wp-content\/uploads\/2022\/01\/adorable-affection-baby-1257110-1-769x570-1.jpeg 769w, https:\/\/www.anviclimabarcelona.com\/blog\/wp-content\/uploads\/2022\/01\/adorable-affection-baby-1257110-1-769x570-1-300x222.jpeg 300w\" sizes=\"auto, (max-width: 769px) 100vw, 769px\" \/><\/figure>\n\n\n\n<p>A estas alturas del invierno, m\u00e1s de uno se pregunta c\u00f3mo ahorrar en la factura de la calefacci\u00f3n. A medida que bajan las temperaturas, es com\u00fan que aumenten las facturas. Algunos a\u00f1os pueden incluso ver cambios dr\u00e1sticos en los costos de energ\u00eda. Por ejemplo, la escasez de gas natural hizo que los expertos en energ\u00eda predijeran a principios del oto\u00f1o de 2021 que los consumidores probablemente ver\u00edan aumentadas sus facturas de calefacci\u00f3n durante el invierno.\u00a0<\/p>\n\n\n\n<p>Prueba uno o m\u00e1s de estos consejos para usar menos energ\u00eda y ahorrar en tu factura mensual.<\/p>\n\n\n\n<h2 class=\"wp-block-heading\">Trucos para ahorrar en la factura de la calefacci\u00f3n<\/h2>\n\n\n\n<p>Como los precios de las facturas de calefacci\u00f3n pueden ser impredecibles, es mucho m\u00e1s importante saber ciertos \u201ctrucos\u201d para ahorrar. A continuaci\u00f3n, explicaremos cinco formas en las que puede ahorrar en su factura de la calefacci\u00f3n. Muchos de estos consejos van desde ajustes sencillos en el estilo de vida hasta invertir en mejores equipos.<\/p>\n\n\n\n<h3 class=\"wp-block-heading\">Baja el termostato para ahorrar en la factura de la calefacci\u00f3n<\/h3>\n\n\n\n<p>Es probable que todos hayamos escuchado este consejo. Sin embargo, vale la pena repetirlo ya que es la forma m\u00e1s f\u00e1cil y directa de ahorrar en costos de energ\u00eda. Mantener la casa calentita es muy c\u00f3modo para que no tener que abrigarse tanto. Pero se puede ahorrar hasta un 10 % anual en costos de calefacci\u00f3n bajando el termostato un par o tres grados.<\/p>\n\n\n\n<p>Los termostatos inteligentes de hoy lo hacen m\u00e1s f\u00e1cil que nunca. Solo debes establecer un programa pregrabado para cu\u00e1ndo desees que la casa baje o suba algunos grados. Configura la calefacci\u00f3n para que suba un poco antes de que te levantes por la ma\u00f1ana, y tu casa estar\u00e1 caliente cuando necesites levantarte de la cama.&nbsp;<\/p>\n\n\n\n<h3 class=\"wp-block-heading\">Apuesta por energ\u00edas renovables&nbsp;<\/h3>\n\n\n\n<p>La energ\u00eda solar maneja la producci\u00f3n de electricidad, por lo que puede parecer que la energ\u00eda solar no afectar\u00e1 tus facturas de calefacci\u00f3n. Sin embargo, si tienes un sistema de calefacci\u00f3n central completamente el\u00e9ctrico, es posible que no tengas que pagar las facturas de calefacci\u00f3n de gas. Este es ciertamente el consejo m\u00e1s complicado de la lista. Es posible que debas invertir en un panel solar, una bater\u00eda solar e incluso instalar calefacci\u00f3n el\u00e9ctrica central. Pero de esa manera, evita los costos fluctuantes del gas natural.<\/p>\n\n\n\n<p>La gran parte de la energ\u00eda solar es que los paneles a\u00fan pueden recolectar energ\u00eda para su hogar incluso en invierno. Solo necesitan un poco de cuidado adicional, como quitarles la nieve en climas del norte o aislar las bater\u00edas.&nbsp;<\/p>\n\n\n\n<h3 class=\"wp-block-heading\">Mejora tu equipo de calefacci\u00f3n<\/h3>\n\n\n\n<p>Si est\u00e1 usando una caldera vieja, es probable que est\u00e9 quemando m\u00e1s energ\u00eda de la que necesita. Invertir en un buen equipo de calefacci\u00f3n te ayudar\u00e1 a ahorrar un porcentaje en las facturas. En <a href=\"https:\/\/www.anviclimabarcelona.com\/\">Anviclima<\/a> somos expertos en instalaciones de calefacci\u00f3n de todo tipo, no dudes en preguntarnos sin compromiso.<\/p>\n\n\n\n<h3 class=\"wp-block-heading\">Tips para controlar la temperatura de tu hogar<\/h3>\n\n\n\n<p>M\u00e1s all\u00e1 de actualizar tu equipo, jugar con tu termostato o invertir en una alternativa de energ\u00eda renovable, tambi\u00e9n puedes hacer peque\u00f1os cambios que ayuden con la factura de calefacci\u00f3n. Es probable que estos no renueven tu factura de calefacci\u00f3n como lo har\u00eda un equipo nuevo, pero si crees que todo ayuda, puedes probar algunas opciones como:<\/p>\n\n\n\n<ul class=\"wp-block-list\"><li>Abrir las persianas y cortinas para dejar que entre el sol durante el d\u00eda, ya que eso har\u00e1 que tu caldera no deba trabajar tanto.&nbsp;<\/li><li>Incluso hornear o cocinar en casa es una manera f\u00e1cil de calentar tu hogar durante el d\u00eda.<\/li><li>Poner cortavientos en las puertas.<\/li><li>Prepara sus ventanas para el invierno con contraventanas en el exterior o cubiertas de pl\u00e1stico en el interior.<\/li><li>Mant\u00e9n las rejillas de ventilaci\u00f3n de la calefacci\u00f3n libres de polvo y escombros.<\/li><li>Los calefactores port\u00e1tiles y eficientes pueden significar bajar la temperatura general pero mantener caliente la habitaci\u00f3n en la que se encuentra.<\/li><\/ul>\n\n\n\n<p>A veces, los peque\u00f1os h\u00e1bitos de estilo de vida pueden sorprendernos de cu\u00e1nto hemos ahorrado en la factura de energ\u00eda.<\/p>\n\n\n\n<h3 class=\"wp-block-heading\">Revisa tu casa en busca de fugas de aire<\/h3>\n\n\n\n<p>Una parte, incre\u00edblemente importante, para asegurarte de que tu casa no pierda dinero en el invierno, es controlar que no haya fugas de aire. Llama a los profesionales para verificar si hay fugas de aire en tu hogar. A veces, una peque\u00f1a inversi\u00f3n en acabar con las fugas que pueda haber en casa, es la clave de un gran ahorro en la factura de la calefacci\u00f3n.<\/p>\n\n\n\n<p><\/p>\n\n\n\n<p>En Anviclima llevamos m\u00e1s de 20 a\u00f1os ofreciendo soluciones eficientes para todos los bolsillos. <a href=\"https:\/\/www.anviclimabarcelona.com\/contacto\">Cont\u00e1ctanos sin ning\u00fan compromiso<\/a> y te asesoraremos, ahorrar\u00e1s tiempo y dinero.<\/p>\n","protected":false},"excerpt":{"rendered":"<p>A estas alturas del invierno, m\u00e1s de uno se pregunta c\u00f3mo ahorrar en la factura de la calefacci\u00f3n, conoce algunos trucos para conseguirlo.<\/p>\n","protected":false},"author":2,"featured_media":47,"comment_status":"open","ping_status":"open","sticky":false,"template":"","format":"standard","meta":{"footnotes":""},"categories":[1],"tags":[20,19,21],"class_list":["post-46","post","type-post","status-publish","format-standard","has-post-thumbnail","hentry","category-sin-categoria","tag-ahorrar-en-facturas","tag-calefaccion","tag-instalacion-de-calderas"],"yoast_head":"<!-- This site is optimized with the Yoast SEO plugin v16.6.1 - https:\/\/yoast.com\/wordpress\/plugins\/seo\/ -->\n<title>C\u00f3mo ahorrar en la factura de la calefacci\u00f3n - Blog de climatizaci\u00f3n | AnviClima Blog<\/title>\n<meta name=\"description\" content=\"A estas alturas del invierno, m\u00e1s de uno se pregunta c\u00f3mo ahorrar en la factura de la calefacci\u00f3n, conoce algunos trucos para conseguirlo.\" \/>\n<meta name=\"robots\" content=\"index, follow, max-snippet:-1, max-image-preview:large, max-video-preview:-1\" \/>\n<link rel=\"canonical\" href=\"https:\/\/www.anviclimabarcelona.com\/blog\/como-ahorrar-en-la-factura-de-la-calefaccion\" \/>\n<meta name=\"twitter:label1\" content=\"Tiempo de lectura\" \/>\n\t<meta name=\"twitter:data1\" content=\"4 minutos\" \/>\n<script type=\"application\/ld+json\" class=\"yoast-schema-graph\">{\"@context\":\"https:\/\/schema.org\",\"@graph\":[{\"@type\":\"Organization\",\"@id\":\"https:\/\/www.anviclimabarcelona.com\/blog\/#organization\",\"name\":\"AnviClima Barcelona\",\"url\":\"https:\/\/www.anviclimabarcelona.com\/blog\/\",\"sameAs\":[\"https:\/\/www.facebook.com\/anviclima\",\"https:\/\/www.instagram.com\/anviclima\/\",\"https:\/\/www.linkedin.com\/company\/anviclima-sl\/\"],\"logo\":{\"@type\":\"ImageObject\",\"@id\":\"https:\/\/www.anviclimabarcelona.com\/blog\/#logo\",\"inLanguage\":\"es\",\"url\":\"https:\/\/www.anviclimabarcelona.com\/blog\/wp-content\/uploads\/2021\/06\/logo.png\",\"contentUrl\":\"https:\/\/www.anviclimabarcelona.com\/blog\/wp-content\/uploads\/2021\/06\/logo.png\",\"width\":300,\"height\":60,\"caption\":\"AnviClima Barcelona\"},\"image\":{\"@id\":\"https:\/\/www.anviclimabarcelona.com\/blog\/#logo\"}},{\"@type\":\"WebSite\",\"@id\":\"https:\/\/www.anviclimabarcelona.com\/blog\/#website\",\"url\":\"https:\/\/www.anviclimabarcelona.com\/blog\/\",\"name\":\"Blog de climatizaci\\u00f3n | AnviClima Blog\",\"description\":\"Descubre nuestro blog sobre innovaciones y tendencias en instalaciones, mantenimiento, reformas integrales y climatizaci\\u00f3n\",\"publisher\":{\"@id\":\"https:\/\/www.anviclimabarcelona.com\/blog\/#organization\"},\"potentialAction\":[{\"@type\":\"SearchAction\",\"target\":{\"@type\":\"EntryPoint\",\"urlTemplate\":\"https:\/\/www.anviclimabarcelona.com\/blog\/?s={search_term_string}\"},\"query-input\":\"required name=search_term_string\"}],\"inLanguage\":\"es\"},{\"@type\":\"ImageObject\",\"@id\":\"https:\/\/www.anviclimabarcelona.com\/blog\/como-ahorrar-en-la-factura-de-la-calefaccion#primaryimage\",\"inLanguage\":\"es\",\"url\":\"https:\/\/www.anviclimabarcelona.com\/blog\/wp-content\/uploads\/2022\/01\/adorable-affection-baby-1257110-1-769x570-1.jpeg\",\"contentUrl\":\"https:\/\/www.anviclimabarcelona.com\/blog\/wp-content\/uploads\/2022\/01\/adorable-affection-baby-1257110-1-769x570-1.jpeg\",\"width\":769,\"height\":570},{\"@type\":\"WebPage\",\"@id\":\"https:\/\/www.anviclimabarcelona.com\/blog\/como-ahorrar-en-la-factura-de-la-calefaccion#webpage\",\"url\":\"https:\/\/www.anviclimabarcelona.com\/blog\/como-ahorrar-en-la-factura-de-la-calefaccion\",\"name\":\"C\\u00f3mo ahorrar en la factura de la calefacci\\u00f3n - Blog de climatizaci\\u00f3n | AnviClima Blog\",\"isPartOf\":{\"@id\":\"https:\/\/www.anviclimabarcelona.com\/blog\/#website\"},\"primaryImageOfPage\":{\"@id\":\"https:\/\/www.anviclimabarcelona.com\/blog\/como-ahorrar-en-la-factura-de-la-calefaccion#primaryimage\"},\"datePublished\":\"2022-01-20T15:58:43+00:00\",\"dateModified\":\"2022-01-20T15:58:43+00:00\",\"description\":\"A estas alturas del invierno, m\\u00e1s de uno se pregunta c\\u00f3mo ahorrar en la factura de la calefacci\\u00f3n, conoce algunos trucos para conseguirlo.\",\"breadcrumb\":{\"@id\":\"https:\/\/www.anviclimabarcelona.com\/blog\/como-ahorrar-en-la-factura-de-la-calefaccion#breadcrumb\"},\"inLanguage\":\"es\",\"potentialAction\":[{\"@type\":\"ReadAction\",\"target\":[\"https:\/\/www.anviclimabarcelona.com\/blog\/como-ahorrar-en-la-factura-de-la-calefaccion\"]}]},{\"@type\":\"BreadcrumbList\",\"@id\":\"https:\/\/www.anviclimabarcelona.com\/blog\/como-ahorrar-en-la-factura-de-la-calefaccion#breadcrumb\",\"itemListElement\":[{\"@type\":\"ListItem\",\"position\":1,\"name\":\"Portada\",\"item\":\"https:\/\/www.anviclimabarcelona.com\/blog\"},{\"@type\":\"ListItem\",\"position\":2,\"name\":\"C\\u00f3mo ahorrar en la factura de la calefacci\\u00f3n\"}]},{\"@type\":\"Article\",\"@id\":\"https:\/\/www.anviclimabarcelona.com\/blog\/como-ahorrar-en-la-factura-de-la-calefaccion#article\",\"isPartOf\":{\"@id\":\"https:\/\/www.anviclimabarcelona.com\/blog\/como-ahorrar-en-la-factura-de-la-calefaccion#webpage\"},\"author\":{\"@id\":\"https:\/\/www.anviclimabarcelona.com\/blog\/#\/schema\/person\/1b8264fe720bd0baa5d44699785610ec\"},\"headline\":\"C\\u00f3mo ahorrar en la factura de la calefacci\\u00f3n\",\"datePublished\":\"2022-01-20T15:58:43+00:00\",\"dateModified\":\"2022-01-20T15:58:43+00:00\",\"mainEntityOfPage\":{\"@id\":\"https:\/\/www.anviclimabarcelona.com\/blog\/como-ahorrar-en-la-factura-de-la-calefaccion#webpage\"},\"wordCount\":843,\"commentCount\":0,\"publisher\":{\"@id\":\"https:\/\/www.anviclimabarcelona.com\/blog\/#organization\"},\"image\":{\"@id\":\"https:\/\/www.anviclimabarcelona.com\/blog\/como-ahorrar-en-la-factura-de-la-calefaccion#primaryimage\"},\"thumbnailUrl\":\"https:\/\/www.anviclimabarcelona.com\/blog\/wp-content\/uploads\/2022\/01\/adorable-affection-baby-1257110-1-769x570-1.jpeg\",\"keywords\":[\"ahorrar en facturas\",\"calefacci\\u00f3n\",\"Instalaci\\u00f3n de calderas\"],\"inLanguage\":\"es\"},{\"@type\":\"Person\",\"@id\":\"https:\/\/www.anviclimabarcelona.com\/blog\/#\/schema\/person\/1b8264fe720bd0baa5d44699785610ec\",\"name\":\"Veronica Haro\"}]}<\/script>\n<!-- \/ Yoast SEO plugin. -->","_links":{"self":[{"href":"https:\/\/www.anviclimabarcelona.com\/blog\/wp-json\/wp\/v2\/posts\/46","targetHints":{"allow":["GET"]}}],"collection":[{"href":"https:\/\/www.anviclimabarcelona.com\/blog\/wp-json\/wp\/v2\/posts"}],"about":[{"href":"https:\/\/www.anviclimabarcelona.com\/blog\/wp-json\/wp\/v2\/types\/post"}],"author":[{"embeddable":true,"href":"https:\/\/www.anviclimabarcelona.com\/blog\/wp-json\/wp\/v2\/users\/2"}],"replies":[{"embeddable":true,"href":"https:\/\/www.anviclimabarcelona.com\/blog\/wp-json\/wp\/v2\/comments?post=46"}],"version-history":[{"count":1,"href":"https:\/\/www.anviclimabarcelona.com\/blog\/wp-json\/wp\/v2\/posts\/46\/revisions"}],"predecessor-version":[{"id":48,"href":"https:\/\/www.anviclimabarcelona.com\/blog\/wp-json\/wp\/v2\/posts\/46\/revisions\/48"}],"wp:featuredmedia":[{"embeddable":true,"href":"https:\/\/www.anviclimabarcelona.com\/blog\/wp-json\/wp\/v2\/media\/47"}],"wp:attachment":[{"href":"https:\/\/www.anviclimabarcelona.com\/blog\/wp-json\/wp\/v2\/media?parent=46"}],"wp:term":[{"taxonomy":"category","embeddable":true,"href":"https:\/\/www.anviclimabarcelona.com\/blog\/wp-json\/wp\/v2\/categories?post=46"},{"taxonomy":"post_tag","embeddable":true,"href":"https:\/\/www.anviclimabarcelona.com\/blog\/wp-json\/wp\/v2\/tags?post=46"}],"curies":[{"name":"wp","href":"https:\/\/api.w.org\/{rel}","templated":true}]}}